{"id":336,"date":"2022-08-14T15:59:59","date_gmt":"2022-08-14T15:59:59","guid":{"rendered":"https:\/\/ezaf.org\/?p=336"},"modified":"2022-08-14T18:25:45","modified_gmt":"2022-08-14T18:25:45","slug":"antiziganismus-in-schweden","status":"publish","type":"post","link":"https:\/\/ezaf.org\/?p=336","title":{"rendered":"Antiziganismus in Schweden"},"content":{"rendered":"\n<p>Info Video mit 49 Untertiteln: <a rel=\"noreferrer noopener\" href=\"https:\/\/l.facebook.com\/l.php?u=https%3A%2F%2Fyoutu.be%2F8G2WwZhVbl8%3Ffbclid%3DIwAR0cn7Oyx8uwMxlrDOFH24hl81gj0NeIBD2dxdmjSsaIqfX7BFk1CZt3ogk&amp;h=AT1rmCM9UC3L06k6lvIgR01N_Sv0lBr9m9fqKDcl-K1YHvTVHZQWvh3Nn9N-RtTig8kEEEI7fpD5yJgb4ap68PvjWQxPBQ5oQ7p7oNX3lPBtqyuG8XoBgHTB6i1z9O9B9354VonCQ3BDMCJuZQ&amp;__tn__=-UK-R&amp;c[0]=AT1FbuJc04G-v8IR4rkYuVz9mxmiotf9eu0EeE19V2txHRBdtxSmbVCV_SYEipEkEcrSRJ0wSy4FoYdPhBCvV10EEJbp2o-_NY0WBOvBP-_FfRV9M4yTBWWuZMXjBFNC3vHEOl87Sl9klvC2BqRWciWPQt19HW-66g8A2UjRB_ifa15ab2Dn5uFlzV8olRV0VQ7EJ-XU\" target=\"_blank\">https:\/\/youtu.be\/8G2WwZhVbl8<\/a><\/p>\n\n\n\n<figure class=\"wp-block-embed is-type-video is-provider-youtube wp-block-embed-youtube wp-embed-aspect-16-9 wp-has-aspect-ratio\"><div class=\"wp-block-embed__wrapper\">\n<iframe loading=\"lazy\" title=\"Antiziganismus in Schweden\" width=\"1140\" height=\"641\" src=\"https:\/\/www.youtube.com\/embed\/8G2WwZhVbl8?feature=oembed\" frameborder=\"0\" allow=\"accelerometer; autoplay; clipboard-write; encrypted-media; gyroscope; picture-in-picture\" allowfullscreen><\/iframe>\n<\/div><figcaption>Hilferuf vom Raj Schwedens Dufunia Kwiek<\/figcaption><\/figure>\n\n\n\n<p><strong>ERKL\u00c4RUNG DER ROMANATION<\/strong><\/p>\n\n\n\n<h2 class=\"wp-block-heading\">Antiziganismus in Schweden auf dem Vormarsch.<\/h2>\n\n\n\n<p>Ein tragischer Familienkonflikt, der nichts mit der Kultur oder den Traditionen der Roma zu tun hatte, wird missbraucht, um den Antiziganismus\/Antizigenarismus in Schweden zu n\u00e4hren. Zwei Br\u00fcder \u00fcberfuhren ihre Mutter und ihren Liebhaber. Dieses Verhalten hat rein gar nichts mit der Roma-Kultur der \u201eRomanipe\u201c oder dem Roma-Familien-\/Sozialgericht der Roma der \u201eKriss\u201c zu <a><\/a>tun. Aber derzeit verfolgen mehrere Zeitungen und \u00f6ffentliche Institutionen den Weg, der Minderheit der Roma die Schuld zu geben und ihre Kultur f\u00fcr die tragischen Familienereignisse zu ber\u00fccksichtigen. Mehrere schwedische Roma-F\u00fchrer versuchen, die Fakten richtig zu stellen, aber die Mehrheitsbev\u00f6lkerung wird mit antiziganistischen Vorurteilen und Diskriminierung der Roma gef\u00fcttert. Die verantwortlichen Hasser reproduzieren das traditionelle Feindbild gegen\u00fcber den Roma. Dieser Weg ist sehr gef\u00e4hrlich, weil er den traditionellen \u201eemotionalen\u201c Antiziganismus n\u00e4hrt.<\/p>\n\n\n\n<p>Defakto f\u00fchrt und produziert dies den historischen Antiziganismus und die Entmenschlichung der Roma. Die RomaNation verurteilt zusammen mit ihrem professionellen Partner, dem Europ\u00e4ischen Zentrum f\u00fcr Antiziganismus, die Berichte und den Umgang mit diesem antiziganistischen Fall, der von den schwedischen Medien und fast allen politischen Parteien in Schweden toleriert und aufgeheizt wird. Die RomaNation wird gegen diese Entwicklung protestieren und nicht schweigen. Wir werden bei folgenden Institutionen Bericht erstatten und protestieren:<\/p>\n\n\n\n<p>&#8211; B\u00fcro f\u00fcr Sicherheit und Zusammenarbeit in Europa<\/p>\n\n\n\n<p>&#8211; B\u00fcro f\u00fcr demokratische Institutionen und Menschenrechte<\/p>\n\n\n\n<p>&#8211; Kontaktstelle f\u00fcr Roma- und Sinti-Fragen<\/p>\n\n\n\n<p>&#8211; Europ\u00e4ische Kommission gegen Rassismus und Intoleranz<\/p>\n\n\n\n<p>&#8211; Schwarzbuch \u00fcber Rassismus in Europa des Europarates<\/p>\n\n\n\n<p>&#8211; Grundrechte Agentur der Europ\u00e4ischen Union<\/p>\n\n\n\n<p>\u2013 Europ\u00e4isches Netzwerk gegen Rassismus \u2013 Vereinte Nation<\/p>\n\n\n\n<p><a rel=\"noreferrer noopener\" href=\"https:\/\/l.facebook.com\/l.php?u=http%3A%2F%2Fwww.RomaNation.org%2F%3Ffbclid%3DIwAR01ni4h6ufoKeJC17m_UMKNToVDxo0FhgUqhQjMSEP1Iir4i9qMncKyrB4&amp;h=AT01lsZsZXTCQq0fJJaS0SS-DC1_dhQxBkO_nzz6gl2T7UedwUeiKjGyeLuO4KNbG5AqqTKijcnecnIZRmuFucwrVlCHrY3bMlG48tFWqU5glqkOu5kD4H0f2owV1EUmdalOWRp59RpAsALo6g&amp;__tn__=-UK-R&amp;c[0]=AT1FbuJc04G-v8IR4rkYuVz9mxmiotf9eu0EeE19V2txHRBdtxSmbVCV_SYEipEkEcrSRJ0wSy4FoYdPhBCvV10EEJbp2o-_NY0WBOvBP-_FfRV9M4yTBWWuZMXjBFNC3vHEOl87Sl9klvC2BqRWciWPQt19HW-66g8A2UjRB_ifa15ab2Dn5uFlzV8olRV0VQ7EJ-XU\" target=\"_blank\">www.RomaNation.org<\/a><\/p>\n\n\n\n<div data-wp-interactive=\"core\/file\" class=\"wp-block-file\"><object data-wp-bind--hidden=\"!state.hasPdfPreview\" hidden class=\"wp-block-file__embed\" data=\"https:\/\/ezaf.org\/wp-content\/uploads\/2022\/08\/Statement-RN-Sweden.pdf\" type=\"application\/pdf\" style=\"width:100%;height:600px\" aria-label=\"Einbettung von Einbettung von Statement-RN-Sweden..\"><\/object><a id=\"wp-block-file--media-58547bec-ecd8-4ca0-8fce-cebfa270476e\" href=\"https:\/\/ezaf.org\/wp-content\/uploads\/2022\/08\/Statement-RN-Sweden.pdf\">Statement-RN-Sweden<\/a><a href=\"https:\/\/ezaf.org\/wp-content\/uploads\/2022\/08\/Statement-RN-Sweden.pdf\" class=\"wp-block-file__button\" download aria-describedby=\"wp-block-file--media-58547bec-ecd8-4ca0-8fce-cebfa270476e\">Herunterladen<\/a><\/div>\n","protected":false},"excerpt":{"rendered":"<p>Info Video mit 49 Untertiteln: https:\/\/youtu.be\/8G2WwZhVbl8 ERKL\u00c4RUNG DER ROMANATION Antiziganismus in Schweden auf dem Vormarsch. Ein tragischer Familienkonflikt, der nichts&hellip;<\/p>\n","protected":false},"author":1,"featured_media":348,"comment_status":"closed","ping_status":"open","sticky":false,"template":"","format":"standard","meta":{"footnotes":""},"categories":[49,10],"tags":[19,54,24,46,104,105,101,96,98,95,20,78,99,82,103,31,29,48,97,30,100,102],"class_list":["post-336","post","type-post","status-publish","format-standard","has-post-thumbnail","hentry","category-aktionen","category-antiziganismus","tag-antiziganismus","tag-antiziganistisch","tag-aufklaerung","tag-bildungsverein","tag-diskriminierung","tag-feindschaft","tag-gesellschaft","tag-hass-rede","tag-hetze","tag-kriminalisierung","tag-marko-d-knudsen","tag-medien","tag-parteien","tag-politik","tag-raj","tag-roma","tag-roma-und-sinti","tag-romanation","tag-schweden","tag-sinti-und-roma","tag-volksverhetzung","tag-vorurteile"],"aioseo_notices":[],"_links":{"self":[{"href":"https:\/\/ezaf.org\/index.php?rest_route=\/wp\/v2\/posts\/336","targetHints":{"allow":["GET"]}}],"collection":[{"href":"https:\/\/ezaf.org\/index.php?rest_route=\/wp\/v2\/posts"}],"about":[{"href":"https:\/\/ezaf.org\/index.php?rest_route=\/wp\/v2\/types\/post"}],"author":[{"embeddable":true,"href":"https:\/\/ezaf.org\/index.php?rest_route=\/wp\/v2\/users\/1"}],"replies":[{"embeddable":true,"href":"https:\/\/ezaf.org\/index.php?rest_route=%2Fwp%2Fv2%2Fcomments&post=336"}],"version-history":[{"count":0,"href":"https:\/\/ezaf.org\/index.php?rest_route=\/wp\/v2\/posts\/336\/revisions"}],"wp:featuredmedia":[{"embeddable":true,"href":"https:\/\/ezaf.org\/index.php?rest_route=\/wp\/v2\/media\/348"}],"wp:attachment":[{"href":"https:\/\/ezaf.org\/index.php?rest_route=%2Fwp%2Fv2%2Fmedia&parent=336"}],"wp:term":[{"taxonomy":"category","embeddable":true,"href":"https:\/\/ezaf.org\/index.php?rest_route=%2Fwp%2Fv2%2Fcategories&post=336"},{"taxonomy":"post_tag","embeddable":true,"href":"https:\/\/ezaf.org\/index.php?rest_route=%2Fwp%2Fv2%2Ftags&post=336"}],"curies":[{"name":"wp","href":"https:\/\/api.w.org\/{rel}","templated":true}]}}